{"id":274,"date":"2020-09-06T07:56:00","date_gmt":"2020-09-06T07:56:00","guid":{"rendered":"https:\/\/www.scandinavianwilderness.com\/?p=274"},"modified":"2021-03-03T09:46:20","modified_gmt":"2021-03-03T09:46:20","slug":"hamra-national-park-2-days-in-hamra","status":"publish","type":"post","link":"https:\/\/www.scandinavianwilderness.com\/sv\/hamra-national-park-2-days-in-hamra\/","title":{"rendered":"Hamra Nationalpark - 2 Dagar i Hamra"},"content":{"rendered":"<p class=\"has-medium-font-size\">Hamra nationalpark \u00e4r en av Sveriges minsta och kanske \u00e4ven den mest anonyma nationalparken i Sverige. Den originella delen av nationalparken skapades redan 1909, samtidigt som \u00e5tta andra nationalparker i Sverige, och var de f\u00f6rsta av sitt slag i Europa. Original delen av parken \u00e4r v\u00e4ldigt liten men 2011 s\u00e5 ut\u00f6kades parken och vart n\u00e4stan 50 g\u00e5nger s\u00e5 stor. Trots det s\u00e5 \u00e4r parken fortfarande ganska liten. Det \u00e4r gammalskog och myrmarker som \u00e4r de dominerande naturtyperna i Hamra.<\/p>\n\n\n\n<p><em>F\u00f6r mycket text? Titta p\u00e5 videon ist\u00e4llet.<\/em><\/p>\n\n\n\n<figure class=\"wp-block-embed-youtube wp-block-embed is-type-video is-provider-youtube wp-embed-aspect-16-9 wp-has-aspect-ratio\"><div class=\"wp-block-embed__wrapper\">\n<iframe loading=\"lazy\" title=\"Hamra National Park - 2 day tour in Hamra\" width=\"525\" height=\"295\" src=\"https:\/\/www.youtube.com\/embed\/NJqHck3z6zE?feature=oembed\" frameborder=\"0\" allow=\"accelerometer; autoplay; encrypted-media; gyroscope; picture-in-picture\" allowfullscreen><\/iframe>\n<\/div><\/figure>\n\n\n\n<p class=\"has-medium-font-size\">Turen startade vid Hamras huvudentr\u00e9. En sak som omg\u00e5ende var sl\u00e5ende var hur f\u00e5 bes\u00f6kare det var runt huvudentr\u00e9n. J\u00e4mf\u00f6rt med andra nationalparker som Fulufj\u00e4llet, d\u00e4r f\u00e5r man r\u00e4kna med ett mindre trafikkaos f\u00f6r att komma till parkeringen, s\u00e5 detta var en positiv \u00f6verraskning. <\/p>\n\n\n\n<p class=\"has-medium-font-size\">Hamra \u00e4r ett av Sveriges bj\u00f6rnt\u00e4taste omr\u00e5dena i Sverige men trots det s\u00e5 \u00e4r det s\u00e4llan man f\u00e5r turen att se en bj\u00f6rn. Men n\u00e4r man vandrar i omr\u00e5det s\u00e5 finns alltid vetskapen n\u00e4rvarande att det kan finnas en bj\u00f6rn runt h\u00f6rnet.<\/p>\n\n\n\n<figure class=\"wp-block-image size-large\"><img decoding=\"async\" loading=\"lazy\" width=\"1024\" height=\"576\" src=\"https:\/\/www.scandinavianwilderness.com\/wp-content\/uploads\/2020\/08\/P1100432-1024x576.jpg\" alt=\"\" class=\"wp-image-284\" srcset=\"https:\/\/www.scandinavianwilderness.com\/wp-content\/uploads\/2020\/08\/P1100432-1024x576.jpg 1024w, https:\/\/www.scandinavianwilderness.com\/wp-content\/uploads\/2020\/08\/P1100432-300x169.jpg 300w, https:\/\/www.scandinavianwilderness.com\/wp-content\/uploads\/2020\/08\/P1100432-768x432.jpg 768w, https:\/\/www.scandinavianwilderness.com\/wp-content\/uploads\/2020\/08\/P1100432-1536x864.jpg 1536w, https:\/\/www.scandinavianwilderness.com\/wp-content\/uploads\/2020\/08\/P1100432-2048x1152.jpg 2048w\" sizes=\"(max-width: 706px) 89vw, (max-width: 767px) 82vw, 740px\" \/><\/figure>\n\n\n\n<p class=\"has-medium-font-size\">Det tar inte l\u00e5ng tid fr\u00e5n att man l\u00e4mnat huvudentr\u00e9n innan man f\u00e5r k\u00e4nslan att vara i vildmarken. F\u00f6rutom en v\u00e4lmarkerad led s\u00e5 syns inga andra sp\u00e5r av m\u00e4nsklig inverkan. Eftersom man fr\u00e4mst r\u00f6r sig genom myrmark s\u00e5 \u00e4r det tacksamt att ha en led att f\u00f6rlita sig p\u00e5 och sp\u00e5ngar som tar en \u00f6ver de v\u00e5ta partierna. Myggorna \u00e4r narvarande som man kan f\u00f6rv\u00e4nta sig men inte s\u00e5 situationen blir outh\u00e4rdlig. <\/p>\n\n\n\n<p class=\"has-medium-font-size\">Efter ca 30 minuter s\u00e5 hamnar man i ett omr\u00e5de som blivit p\u00e5verkat av en skogsbrand. Branden \u00e4r faktiskt medvetet anlagd f\u00f6r att locka till sig nya djur och tillv\u00e4xt. Efter branden s\u00e5 kommer massor nya insekter i omr\u00e5det och d\u00e4refter hackspettarna.<\/p>\n\n\n\n<figure class=\"wp-block-image size-large\"><img decoding=\"async\" loading=\"lazy\" width=\"1024\" height=\"576\" src=\"https:\/\/www.scandinavianwilderness.com\/wp-content\/uploads\/2020\/08\/P1100426-1024x576.jpg\" alt=\"\" class=\"wp-image-278\" srcset=\"https:\/\/www.scandinavianwilderness.com\/wp-content\/uploads\/2020\/08\/P1100426-1024x576.jpg 1024w, https:\/\/www.scandinavianwilderness.com\/wp-content\/uploads\/2020\/08\/P1100426-300x169.jpg 300w, https:\/\/www.scandinavianwilderness.com\/wp-content\/uploads\/2020\/08\/P1100426-768x432.jpg 768w, https:\/\/www.scandinavianwilderness.com\/wp-content\/uploads\/2020\/08\/P1100426-1536x864.jpg 1536w, https:\/\/www.scandinavianwilderness.com\/wp-content\/uploads\/2020\/08\/P1100426-2048x1152.jpg 2048w\" sizes=\"(max-width: 706px) 89vw, (max-width: 767px) 82vw, 740px\" \/><\/figure>\n\n\n\n<p class=\"has-medium-font-size\">Vid sj\u00f6n Ormtj\u00e4rn finns ett vindskydd samt en eldstad man kan anv\u00e4nda. Det \u00e4r endast vid de anlagda eldst\u00e4derna som det \u00e4r till\u00e5tet att elda inom parken och ved finns tillhandah\u00e5llen. \u00d6verraskande s\u00e5 fanns det hjortron lite \u00f6verallt i parken. Eftersom hjortron \u00e4r efters\u00f6ka s\u00e5 brukar det vara sv\u00e5rt att hitta b\u00e4ren s\u00e5 l\u00e4ttillg\u00e4ngligt men h\u00e4r fanns de \u00f6verallt \u00e4ven om de inte var riktigt mogna \u00e4n. Det verkar som att 2020 var ett riktigt bra \u00e5r f\u00f6r b\u00e4r generellt.<\/p>\n\n\n\n<figure class=\"wp-block-image size-large\"><img decoding=\"async\" loading=\"lazy\" width=\"1024\" height=\"576\" src=\"https:\/\/www.scandinavianwilderness.com\/wp-content\/uploads\/2020\/08\/P1100427-1024x576.jpg\" alt=\"\" class=\"wp-image-279\" srcset=\"https:\/\/www.scandinavianwilderness.com\/wp-content\/uploads\/2020\/08\/P1100427-1024x576.jpg 1024w, https:\/\/www.scandinavianwilderness.com\/wp-content\/uploads\/2020\/08\/P1100427-300x169.jpg 300w, https:\/\/www.scandinavianwilderness.com\/wp-content\/uploads\/2020\/08\/P1100427-768x432.jpg 768w, https:\/\/www.scandinavianwilderness.com\/wp-content\/uploads\/2020\/08\/P1100427-1536x864.jpg 1536w, https:\/\/www.scandinavianwilderness.com\/wp-content\/uploads\/2020\/08\/P1100427-2048x1152.jpg 2048w\" sizes=\"(max-width: 706px) 89vw, (max-width: 767px) 82vw, 740px\" \/><\/figure>\n\n\n\n<p>Det verkar som att jag under turen hade Hamra helt f\u00f6r mig sj\u00e4lv och fortsatta djupare in i parken. Fint v\u00e4der, natur och massor av f\u00e5glar gjorde vandringen v\u00e4ldigt njutbar. Under de 2 dagarna i Hamra s\u00e5 m\u00f6tte jag faktiskt inte en enda person f\u00f6rutom vid huvudentr\u00e9n. S\u00e4llskapet utgjordes av f\u00e5glarna ist\u00e4llet.<\/p>\n\n\n\n<figure class=\"wp-block-image size-large\"><img decoding=\"async\" loading=\"lazy\" width=\"1024\" height=\"576\" src=\"https:\/\/www.scandinavianwilderness.com\/wp-content\/uploads\/2020\/08\/P1100429-1024x576.jpg\" alt=\"\" class=\"wp-image-281\" srcset=\"https:\/\/www.scandinavianwilderness.com\/wp-content\/uploads\/2020\/08\/P1100429-1024x576.jpg 1024w, https:\/\/www.scandinavianwilderness.com\/wp-content\/uploads\/2020\/08\/P1100429-300x169.jpg 300w, https:\/\/www.scandinavianwilderness.com\/wp-content\/uploads\/2020\/08\/P1100429-768x432.jpg 768w, https:\/\/www.scandinavianwilderness.com\/wp-content\/uploads\/2020\/08\/P1100429-1536x864.jpg 1536w, https:\/\/www.scandinavianwilderness.com\/wp-content\/uploads\/2020\/08\/P1100429-2048x1152.jpg 2048w\" sizes=\"(max-width: 706px) 89vw, (max-width: 767px) 82vw, 740px\" \/><\/figure>\n\n\n\n<p class=\"has-medium-font-size\">I n\u00e4rheten av myrentr\u00e9n finns parkens andra vindskydd. Det stod tomt och det k\u00e4ndes inte som att det skulle dyka upp n\u00e5gon annan s\u00e5 best\u00e4mde mig f\u00f6r att sl\u00e5 camp h\u00e4r. Det \u00e4r \u00e4ven till\u00e5tet att starta eld h\u00e4r vilket alltid \u00e4r ett trevligt s\u00e4llskap. \u00c5terigen s\u00e5 \u00e4r ved tillhandah\u00e5llen.<\/p>\n\n\n\n<figure class=\"wp-block-image size-large\"><img decoding=\"async\" loading=\"lazy\" width=\"1024\" height=\"576\" src=\"https:\/\/www.scandinavianwilderness.com\/wp-content\/uploads\/2020\/08\/P1100428-1024x576.jpg\" alt=\"\" class=\"wp-image-280\" srcset=\"https:\/\/www.scandinavianwilderness.com\/wp-content\/uploads\/2020\/08\/P1100428-1024x576.jpg 1024w, https:\/\/www.scandinavianwilderness.com\/wp-content\/uploads\/2020\/08\/P1100428-300x169.jpg 300w, https:\/\/www.scandinavianwilderness.com\/wp-content\/uploads\/2020\/08\/P1100428-768x432.jpg 768w, https:\/\/www.scandinavianwilderness.com\/wp-content\/uploads\/2020\/08\/P1100428-1536x864.jpg 1536w, https:\/\/www.scandinavianwilderness.com\/wp-content\/uploads\/2020\/08\/P1100428-2048x1152.jpg 2048w\" sizes=\"(max-width: 706px) 89vw, (max-width: 767px) 82vw, 740px\" \/><\/figure>\n\n\n\n<p class=\"has-medium-font-size\">Efter t\u00e4ltet \u00e4r uppsatt s\u00e5 var det dags f\u00f6r middag och vila lite. Men n\u00e4r det n\u00e4rmar sig skymning s\u00e5 var det dags f\u00f6r en vandring runt leden l\u00e5nga myrslingan. Tyckte mycket om den h\u00e4r leden och kan varmt rekommenderas. H\u00f6ll hela tiden utkik efter bj\u00f6rn men ingen syntes till. <\/p>\n\n\n\n<figure class=\"wp-block-image size-large\"><img decoding=\"async\" loading=\"lazy\" width=\"1024\" height=\"576\" src=\"https:\/\/www.scandinavianwilderness.com\/wp-content\/uploads\/2020\/08\/P1100430-1024x576.jpg\" alt=\"\" class=\"wp-image-282\" srcset=\"https:\/\/www.scandinavianwilderness.com\/wp-content\/uploads\/2020\/08\/P1100430-1024x576.jpg 1024w, https:\/\/www.scandinavianwilderness.com\/wp-content\/uploads\/2020\/08\/P1100430-300x169.jpg 300w, https:\/\/www.scandinavianwilderness.com\/wp-content\/uploads\/2020\/08\/P1100430-768x432.jpg 768w, https:\/\/www.scandinavianwilderness.com\/wp-content\/uploads\/2020\/08\/P1100430-1536x864.jpg 1536w, https:\/\/www.scandinavianwilderness.com\/wp-content\/uploads\/2020\/08\/P1100430-2048x1152.jpg 2048w\" sizes=\"(max-width: 706px) 89vw, (max-width: 767px) 82vw, 740px\" \/><\/figure>\n\n\n\n<p class=\"has-medium-font-size\">L\u00e4ngs med leden stora myrslingan s\u00e5 finns \u00e4ven ett v\u00e4ldigt trevligt utkikstorn. Ett perfekt st\u00e4lla att f\u00e5 en ordentlig \u00f6verblick \u00f6ver myrmarkerna. <\/p>\n\n\n\n<figure class=\"wp-block-image size-large\"><img decoding=\"async\" loading=\"lazy\" width=\"1024\" height=\"576\" src=\"https:\/\/www.scandinavianwilderness.com\/wp-content\/uploads\/2020\/08\/20200709_214914-1024x576.jpg\" alt=\"\" class=\"wp-image-276\" srcset=\"https:\/\/www.scandinavianwilderness.com\/wp-content\/uploads\/2020\/08\/20200709_214914-1024x576.jpg 1024w, https:\/\/www.scandinavianwilderness.com\/wp-content\/uploads\/2020\/08\/20200709_214914-300x169.jpg 300w, https:\/\/www.scandinavianwilderness.com\/wp-content\/uploads\/2020\/08\/20200709_214914-768x432.jpg 768w, https:\/\/www.scandinavianwilderness.com\/wp-content\/uploads\/2020\/08\/20200709_214914-1536x864.jpg 1536w, https:\/\/www.scandinavianwilderness.com\/wp-content\/uploads\/2020\/08\/20200709_214914-2048x1152.jpg 2048w\" sizes=\"(max-width: 706px) 89vw, (max-width: 767px) 82vw, 740px\" \/><\/figure>\n\n\n\n<figure class=\"wp-block-image size-large\"><img decoding=\"async\" loading=\"lazy\" width=\"1024\" height=\"576\" src=\"https:\/\/www.scandinavianwilderness.com\/wp-content\/uploads\/2020\/08\/P1100434-1024x576.jpg\" alt=\"\" class=\"wp-image-286\" srcset=\"https:\/\/www.scandinavianwilderness.com\/wp-content\/uploads\/2020\/08\/P1100434-1024x576.jpg 1024w, https:\/\/www.scandinavianwilderness.com\/wp-content\/uploads\/2020\/08\/P1100434-300x169.jpg 300w, https:\/\/www.scandinavianwilderness.com\/wp-content\/uploads\/2020\/08\/P1100434-768x432.jpg 768w, https:\/\/www.scandinavianwilderness.com\/wp-content\/uploads\/2020\/08\/P1100434-1536x864.jpg 1536w, https:\/\/www.scandinavianwilderness.com\/wp-content\/uploads\/2020\/08\/P1100434-2048x1152.jpg 2048w\" sizes=\"(max-width: 706px) 89vw, (max-width: 767px) 82vw, 740px\" \/><\/figure>\n\n\n\n<p class=\"has-medium-font-size\">Efter kv\u00e4llspromenaden s\u00e5 var det dags att r\u00f6ra sig tillbaka till camp i tid f\u00f6r att se solens sista str\u00e5lar f\u00f6rsvinna bakom horisonten. Vandringen genomf\u00f6rdes under juli vilket betyder l\u00e5nga dagar och korta n\u00e4tter men jag var inte tillr\u00e4ckligt f\u00f6rberedd f\u00f6r den kalla temperaturen som intr\u00e4ffade under natten. Som kallast vart det 4 grader vilket gjorde att man fick lite problem att h\u00e5lla v\u00e4rmen men med vetskapen att natten \u00e4r kort s\u00e5 gick det bra p\u00e5 det stora hela \u00e4nd\u00e5.  <\/p>\n\n\n\n<figure class=\"wp-block-image size-large\"><img decoding=\"async\" loading=\"lazy\" width=\"1024\" height=\"576\" src=\"https:\/\/www.scandinavianwilderness.com\/wp-content\/uploads\/2020\/08\/20200709_223237-1024x576.jpg\" alt=\"\" class=\"wp-image-277\" srcset=\"https:\/\/www.scandinavianwilderness.com\/wp-content\/uploads\/2020\/08\/20200709_223237-1024x576.jpg 1024w, https:\/\/www.scandinavianwilderness.com\/wp-content\/uploads\/2020\/08\/20200709_223237-300x169.jpg 300w, https:\/\/www.scandinavianwilderness.com\/wp-content\/uploads\/2020\/08\/20200709_223237-768x432.jpg 768w, https:\/\/www.scandinavianwilderness.com\/wp-content\/uploads\/2020\/08\/20200709_223237-1536x864.jpg 1536w, https:\/\/www.scandinavianwilderness.com\/wp-content\/uploads\/2020\/08\/20200709_223237-2048x1152.jpg 2048w\" sizes=\"(max-width: 706px) 89vw, (max-width: 767px) 82vw, 740px\" \/><\/figure>\n\n\n\n<p class=\"has-medium-font-size\">N\u00e4sta morgon vaknade man upp varm och \u00e5terigen till vackert v\u00e4der. Ta ner camp och b\u00f6rjade vandra tillbaka samma v\u00e4g som jag kom. Hamra fortsatte att visa upp sina b\u00e4sta sidor och \u00e5terigen massor av sm\u00e5f\u00e5glar i omr\u00e5det.<\/p>\n\n\n\n<figure class=\"wp-block-image size-large\"><img decoding=\"async\" loading=\"lazy\" width=\"1024\" height=\"576\" src=\"https:\/\/www.scandinavianwilderness.com\/wp-content\/uploads\/2020\/08\/P1100439-1024x576.jpg\" alt=\"\" class=\"wp-image-290\" srcset=\"https:\/\/www.scandinavianwilderness.com\/wp-content\/uploads\/2020\/08\/P1100439-1024x576.jpg 1024w, https:\/\/www.scandinavianwilderness.com\/wp-content\/uploads\/2020\/08\/P1100439-300x169.jpg 300w, https:\/\/www.scandinavianwilderness.com\/wp-content\/uploads\/2020\/08\/P1100439-768x432.jpg 768w, https:\/\/www.scandinavianwilderness.com\/wp-content\/uploads\/2020\/08\/P1100439-1536x864.jpg 1536w, https:\/\/www.scandinavianwilderness.com\/wp-content\/uploads\/2020\/08\/P1100439-2048x1152.jpg 2048w\" sizes=\"(max-width: 706px) 89vw, (max-width: 767px) 82vw, 740px\" \/><\/figure>\n\n\n\n<p class=\"has-medium-font-size\">V\u00e4l tillbaka vid huvudentr\u00e9n d\u00e4r jag startade dagen innan s\u00e5 gjorde jag en avstickare till den ursprungliga delen av nationalparken fr\u00e5n 1909. Nu var jag inte l\u00e4ngre ensam utan h\u00e4r fanns \u00e4ven andra bes\u00f6kare. Den ursprungliga delen av parken best\u00e5r av urskog och var t\u00e4nkt att r\u00e4dda en del skog som var op\u00e5verkad av m\u00e4nniskan.<\/p>\n\n\n\n<figure class=\"wp-block-image size-large\"><img decoding=\"async\" loading=\"lazy\" width=\"1024\" height=\"576\" src=\"https:\/\/www.scandinavianwilderness.com\/wp-content\/uploads\/2020\/08\/P1100440-1024x576.jpg\" alt=\"\" class=\"wp-image-291\" srcset=\"https:\/\/www.scandinavianwilderness.com\/wp-content\/uploads\/2020\/08\/P1100440-1024x576.jpg 1024w, https:\/\/www.scandinavianwilderness.com\/wp-content\/uploads\/2020\/08\/P1100440-300x169.jpg 300w, https:\/\/www.scandinavianwilderness.com\/wp-content\/uploads\/2020\/08\/P1100440-768x432.jpg 768w, https:\/\/www.scandinavianwilderness.com\/wp-content\/uploads\/2020\/08\/P1100440-1536x864.jpg 1536w, https:\/\/www.scandinavianwilderness.com\/wp-content\/uploads\/2020\/08\/P1100440-2048x1152.jpg 2048w\" sizes=\"(max-width: 706px) 89vw, (max-width: 767px) 82vw, 740px\" \/><\/figure>\n\n\n\n<figure class=\"wp-block-image size-large\"><img decoding=\"async\" loading=\"lazy\" width=\"1024\" height=\"576\" src=\"https:\/\/www.scandinavianwilderness.com\/wp-content\/uploads\/2020\/08\/P1100441-1024x576.jpg\" alt=\"\" class=\"wp-image-292\" srcset=\"https:\/\/www.scandinavianwilderness.com\/wp-content\/uploads\/2020\/08\/P1100441-1024x576.jpg 1024w, https:\/\/www.scandinavianwilderness.com\/wp-content\/uploads\/2020\/08\/P1100441-300x169.jpg 300w, https:\/\/www.scandinavianwilderness.com\/wp-content\/uploads\/2020\/08\/P1100441-768x432.jpg 768w, https:\/\/www.scandinavianwilderness.com\/wp-content\/uploads\/2020\/08\/P1100441-1536x864.jpg 1536w, https:\/\/www.scandinavianwilderness.com\/wp-content\/uploads\/2020\/08\/P1100441-2048x1152.jpg 2048w\" sizes=\"(max-width: 706px) 89vw, (max-width: 767px) 82vw, 740px\" \/><\/figure>\n\n\n\n<p class=\"has-medium-font-size\">P\u00e5 denna tur hade jag hittills sett n\u00e4stan halva Hamra nationalpark. Den del som jag missat \u00e4r parkens \u00f6stra del som f\u00f6ljer den lilla b\u00e4cken Svart\u00e5n. S\u00e5 n\u00e4sta bes\u00f6k i parken kommer att vara fr\u00e5n \u00f6st och d\u00e5 f\u00f6lja b\u00e4cken upp mot myrmarkerna.<\/p>","protected":false},"excerpt":{"rendered":"<p>Hamra national park is one of Swedens smallest, and quite possibly, most anonymous parks in Sweden. The original park was founded 1909 together with 8 other parks. These were the first national parks ever founded in Europe. The original national park is tiny and can be seen in just a matter of hours. But 2011 &hellip; <\/p>\n<p class=\"link-more\"><a href=\"https:\/\/www.scandinavianwilderness.com\/sv\/hamra-national-park-2-days-in-hamra\/\" class=\"more-link\">Forts\u00e4tt l\u00e4sa<span class=\"screen-reader-text\"> \u201dHamra National Park &#8211; 2 days in Hamra\u201d<\/span><\/a><\/p>","protected":false},"author":1,"featured_media":275,"comment_status":"open","ping_status":"open","sticky":false,"template":"","format":"standard","meta":{"_mi_skip_tracking":false,"_exactmetrics_sitenote_active":false,"_exactmetrics_sitenote_note":"","_exactmetrics_sitenote_category":0},"categories":[16],"tags":[23,18,24],"_links":{"self":[{"href":"https:\/\/www.scandinavianwilderness.com\/sv\/wp-json\/wp\/v2\/posts\/274"}],"collection":[{"href":"https:\/\/www.scandinavianwilderness.com\/sv\/wp-json\/wp\/v2\/posts"}],"about":[{"href":"https:\/\/www.scandinavianwilderness.com\/sv\/wp-json\/wp\/v2\/types\/post"}],"author":[{"embeddable":true,"href":"https:\/\/www.scandinavianwilderness.com\/sv\/wp-json\/wp\/v2\/users\/1"}],"replies":[{"embeddable":true,"href":"https:\/\/www.scandinavianwilderness.com\/sv\/wp-json\/wp\/v2\/comments?post=274"}],"version-history":[{"count":4,"href":"https:\/\/www.scandinavianwilderness.com\/sv\/wp-json\/wp\/v2\/posts\/274\/revisions"}],"predecessor-version":[{"id":297,"href":"https:\/\/www.scandinavianwilderness.com\/sv\/wp-json\/wp\/v2\/posts\/274\/revisions\/297"}],"wp:featuredmedia":[{"embeddable":true,"href":"https:\/\/www.scandinavianwilderness.com\/sv\/wp-json\/wp\/v2\/media\/275"}],"wp:attachment":[{"href":"https:\/\/www.scandinavianwilderness.com\/sv\/wp-json\/wp\/v2\/media?parent=274"}],"wp:term":[{"taxonomy":"category","embeddable":true,"href":"https:\/\/www.scandinavianwilderness.com\/sv\/wp-json\/wp\/v2\/categories?post=274"},{"taxonomy":"post_tag","embeddable":true,"href":"https:\/\/www.scandinavianwilderness.com\/sv\/wp-json\/wp\/v2\/tags?post=274"}],"curies":[{"name":"wp","href":"https:\/\/api.w.org\/{rel}","templated":true}]}}